{"id":553,"date":"2018-02-27T12:08:48","date_gmt":"2018-02-27T12:08:48","guid":{"rendered":"https:\/\/www.campinglemaior.it\/?p=553"},"modified":"2018-02-27T15:18:27","modified_gmt":"2018-02-27T15:18:27","slug":"brenzone-sul-garda","status":"publish","type":"post","link":"https:\/\/www.campinglemaior.it\/de\/brenzone-sul-garda\/","title":{"rendered":"Brenzone sul Garda"},"content":{"rendered":"<div style=\"padding: 5px 0 5px 5px; float: right;\"><iframe src=\"https:\/\/maps.google.it\/maps\/ms?msa=0&amp;msid=213222664708872653617.0004e356b21d748dec247&amp;ie=UTF8&amp;t=h&amp;z=12&amp;output=embed\" width=\"350\" height=\"500\" frameborder=\"0\" marginwidth=\"0\" marginheight=\"0\" scrolling=\"no\"><\/iframe><\/div>\n<p>Camping Le Maior liegt in Castelletto di Brenzone. Brenzone ist eine Gemeinde am n\u00f6rdlichen Teil des Gardaseee-Ostufers, geh\u00f6rt zur Provinz Verona und hat eine Oberfl\u00e4che von 50qkm.<\/p>\n<p>Im Norden liegt die Gemeinde Malcesine, im Osten Ferrara di Monte Baldo, im S\u00fcdosten San Zeno di Montagna und im S\u00fcden Torri del Benaco. Innerhalb des Sees grenzt sie an die Provinz Brescia.<\/p>\n<p>Das Seeufer liegt 65 m \u00fcM.<\/p>\n<p>Bei Brenzone erreicht der See seinen tiefsten Punkt von 350m.<\/p>\n<p>Die h\u00f6chste Erhebung der Gemeinde Brenzone liegt mit 2200 m auf der Cima Telegrafo.<\/p>\n<p>Dieser charakteristische Urlaubsort besteht aus zahlreichen Fraktionen, die zum Teil am See liegen (Assenza, Porto Magugnano, Marniga und Castelletto), zum Teil an den unteren H\u00e4ngen des Monte Baldo (Castello und Sommavilla) und in den Bergen (Prada).<\/p>\n<p>Das Klima von Brenzone ver\u00e4ndert sich mit der H\u00f6he. Von einem typischen Mittelmeerklima am See wechselt es nach un nach zu einem kontinentalen Klima.<br \/>\nDas Milde Klima ist bedingt durch die gro\u00dfen Wassermassen des Sees.<\/p>\n<p>Brenzone mit Ihren zahlreichen mittelalterlichen D\u00f6rfern, Gassen, eindrucksvollen Landschaften ist optimal f\u00fcr entdeckungsfreudige.<\/p>\n<p>Den Wanderern bieten sich zahlreiche Wander- und Spazierwege zwischen den vielen silbrig schimmernden Olivenhainen, von denen heute, wie auch in den vergangenen Zeiten, das kostbare, gesunde Oliven\u00f6l gewonnen wird.<br \/>\nIn den alten malerischen D\u00f6rfern werden sehr viele traditionelle Volksfesten und Messen abgehalten. In den lauen Sommern\u00e4chten werden Konzerte und Theaterausff\u00fchrungen organisiert.<\/p>\n<p>Und Sport- und Spa\u00dfm\u00f6glichkeit?<br \/>\nSicher! Segeln, Windsurfen, Wasserski, Tauchen, Kite Surf, Tennis, Wandern, Mountain Bike und, im Winter, auch Skifahren.<\/p>\n<p>Die wichtigsten Termine:<\/p>\n<p>10. Juli<br \/>\nAgola Fest. Es wird in Castelletto di Brenzone gefeiert. Morgens wird die \u201cMadonna della Salute\u201d Messe gefeiert und am Abend wird im Madre Maria Mantovani Platz gefeiert mit Musik und der typischen lokalen K\u00fcche bis zum Ende der um Mitternacht mit einem Feuerwerk angek\u00fcndigt ist. Es ist ein Fest dass sich in den Jahren verandert hat und es ist ein Teil seines traditionellen Characters verloren. Es ist allerdings sehr touristisch geworden.<\/p>\n<p>11. Juli<br \/>\nDen Elften Juli feiert ma in der Pfarrgemeinde von Castello di Brenzone. Am Morgen gibt es eine lange Prozession w\u00e4hrend die Madonna del Colera auf Schultern getragen wird. Die Prozession startet an der Kirche von Castello nach einer Messe (am Sonnenaufgang) und durchquert die Orte Boccino, Porto, Assenza (wo eine andere Messe gepredigt wird und die Teilnehmer ausruhen k\u00f6nnen), via de Loc, Sommavilla, Pozzo, Borago, um wieder an der Kirche von Castello anzukommen wo die Abschlussmesse gehalten wird. Am Abend wird schlie\u00dflich gefeiert mit Musik im Sportzentrum von Santa Maria di Castello wo viele Spezialit\u00e4ten gekocht werden wie Spaghetti mit Sardinen aus dem See (im Dialekt : \u201cbigoi con le sardele\u201d). Die Feuerwerke k\u00fcndigen das Ende an. Es ist noch heute ein sehr beliebtes Fest.<\/p>\n<p>15 August<br \/>\nVerr\u00fcckte Regatta von Brenzone, bei Marias Himmelfahrt. Seit 1995 treten wettbewerber mit Booten aus Recycling-Material gemacht (Plastikflaschen, Polystyrol usw)<br \/>\nSan Rocco Fest in Marniga, dauert mehr Tage und hat seinen H\u00f6hepunkt am 16 August.<\/p>\n<p>25 November<br \/>\nSanta Caterina Fest und des Neuen \u00d6ls. Uraltes landwirtschaftliches Fest mit Proben von Bruschette, Kaldaunen und Typische lokale Produkte.<\/p>\n<div class=\"well\">\n<h3>VIDEO BRENZONE<\/h3>\n<p><iframe width=\"100%\" height=\"400\" src=\"https:\/\/www.youtube.com\/embed\/dLNlKN-xR0o\" frameborder=\"0\" allow=\"autoplay; encrypted-media\" allowfullscreen><\/iframe>\n<\/div>\n","protected":false},"excerpt":{"rendered":"<p>Brenzone mit Ihren zahlreichen mittelalterlichen D\u00f6rfern, Gassen, eindrucksvollen Landschaften ist optimal f\u00fcr entdeckungsfreudige.<\/p>\n","protected":false},"author":1,"featured_media":364,"comment_status":"closed","ping_status":"closed","sticky":false,"template":"","format":"standard","meta":{"ngg_post_thumbnail":0,"footnotes":""},"categories":[24],"tags":[43],"class_list":["post-553","post","type-post","status-publish","format-standard","has-post-thumbnail","hentry","category-lokal","tag-brenzone-de","entry","post-inner"],"_links":{"self":[{"href":"https:\/\/www.campinglemaior.it\/de\/wp-json\/wp\/v2\/posts\/553","targetHints":{"allow":["GET"]}}],"collection":[{"href":"https:\/\/www.campinglemaior.it\/de\/wp-json\/wp\/v2\/posts"}],"about":[{"href":"https:\/\/www.campinglemaior.it\/de\/wp-json\/wp\/v2\/types\/post"}],"author":[{"embeddable":true,"href":"https:\/\/www.campinglemaior.it\/de\/wp-json\/wp\/v2\/users\/1"}],"replies":[{"embeddable":true,"href":"https:\/\/www.campinglemaior.it\/de\/wp-json\/wp\/v2\/comments?post=553"}],"version-history":[{"count":5,"href":"https:\/\/www.campinglemaior.it\/de\/wp-json\/wp\/v2\/posts\/553\/revisions"}],"predecessor-version":[{"id":565,"href":"https:\/\/www.campinglemaior.it\/de\/wp-json\/wp\/v2\/posts\/553\/revisions\/565"}],"wp:featuredmedia":[{"embeddable":true,"href":"https:\/\/www.campinglemaior.it\/de\/wp-json\/wp\/v2\/media\/364"}],"wp:attachment":[{"href":"https:\/\/www.campinglemaior.it\/de\/wp-json\/wp\/v2\/media?parent=553"}],"wp:term":[{"taxonomy":"category","embeddable":true,"href":"https:\/\/www.campinglemaior.it\/de\/wp-json\/wp\/v2\/categories?post=553"},{"taxonomy":"post_tag","embeddable":true,"href":"https:\/\/www.campinglemaior.it\/de\/wp-json\/wp\/v2\/tags?post=553"}],"curies":[{"name":"wp","href":"https:\/\/api.w.org\/{rel}","templated":true}]}}